{"id":3334,"date":"2024-04-03T22:29:19","date_gmt":"2024-04-03T20:29:19","guid":{"rendered":"https:\/\/www.synjenorland.com\/?p=3334"},"modified":"2025-01-17T11:11:59","modified_gmt":"2025-01-17T10:11:59","slug":"von-illegaler-ungebundenheit-und-anderen-kulturellen-grossereignissen","status":"publish","type":"post","link":"https:\/\/www.synjenorland.com\/en\/von-illegaler-ungebundenheit-und-anderen-kulturellen-grossereignissen\/","title":{"rendered":"Von illegaler Ungebundenheit und anderen kulturellen Gro\u00dfereignissen\u2026"},"content":{"rendered":"<p>Ja, da denkt man, man h\u00e4tte an alles gedacht, alle Reisevorkehrungen getroffen, Konzerte in der Heimat gebucht und die T\u00fccher zum Trocknen an die Leine geh\u00e4ngt &#8211; nur um dann durch einen (un)gl\u00fccklichen Zufall festzustellen, dass einem ein wichtiger Stempel im Reisepass fehlt, der einem best\u00e4tigt, dass man einen legalen Aufenthaltsstatus in dem Land hat, in dem man sich gerade aufh\u00e4lt\u2026<\/p>\n\n\n\n<p>Was tun? Trotzdem ausreisen und riskieren, bei der R\u00fcckreise nicht wieder ins Land hineingelassen zu werden?&nbsp;In meinen Augen erschien mir diese Option als die mit Abstand am ung\u00fcnstigste.&nbsp;<\/p>\n\n\n\n<h2 class=\"wp-block-heading\">Neverending Winter<\/h2>\n\n\n\n<p>Es scheint fast so, als wollte mir der kanadische Winter in all seiner Pracht zeigen, welch langen Atem er doch hat. Vielleicht um meine \u00f6rtliche Festlegung so noch einmal hart auf die Probe zu stellen? Nachdem vor zwei Wochen die ersten Vogelstimmen durch das kahle Ge\u00e4st drangen, und dem Empfinden meines Sohnes nach das Wetter bereits nach T-Shirt schrie, brachte der Winter 3 Tage sp\u00e4ter mit -22 Grad Celsius und 15 Zentimeter Neuschnee dann doch noch einmal das volle Stra\u00dfenballett auf die saisonale Spielzeitb\u00fchne.<\/p>\n\n\n\n<p>Ja, so wie die t\u00e4glichen Wege hier sehr lang sind, so sind es wohl auch die Winter. Wobei ich mich an letzteres wohl gew\u00f6hnen k\u00f6nnte, an ersteres aber vielleicht nie\u2026<\/p>\n\n\n\n<h2 class=\"wp-block-heading\">Europa my love!<\/h2>\n\n\n\n<p>Mein europ\u00e4isches Herz vermisst das Gef\u00fchl des Angebundenseins. Das Gef\u00fchl, mich jederzeit in einen Zug setzen zu k\u00f6nnen, der mich innerhalb eines Tages nach Italien oder Frankreich fahren k\u00f6nnte &#8211; wenn ich wollte. <\/p>\n\n\n\n<p>Am Fenster in die Ferne zu blicken, der vorbeiziehenden Landschaft und meinen Gedanken hinterherzuschauen &#8211; in freudiger Erwartung auf einen Ort, dessen Sprache oder Dialekt mir auf einheitliche Art und Weise seine Andersartigkeit zeigen wird.<\/p>\n\n\n\n<p>Die M\u00f6glichkeit, innerhalb von 20 Minuten nicht nur bis zum n\u00e4chsten Supermarkt sondern bis nach D\u00e4nemark fahren zu k\u00f6nnen &#8211; in ein Land mit anderer W\u00e4hrung, anderer Mentalit\u00e4t, anderen Speisen, anderer Kultur\u2026 Hach&#8230;<\/p>\n\n\n\n<h2 class=\"wp-block-heading\">Wunderland Kanada<\/h2>\n\n\n\n<p>Apropos Kultur&#8230;. Wusstet ihr eigentlich, dass die Woche in Kanada am Sonntag beginnt?&nbsp;<\/p>\n\n\n\n<p>Oder dass die Entfernung zwischen zwei Ortschaften zwar in Kilometern gemessen wird, die L\u00e4nge eines Hauses aber in Fu\u00df? Oder dass die Temperatur im Au\u00dfenbereich meist in Grad Celcius angegeben wird, sobald man nach drinnen geht, das Thermometer aber pl\u00f6tzlich Fahrenheit angibt?&nbsp;<\/p>\n\n\n\n<p>Nicht umsonst wird Kanada wohl als \u201etossed salad\u201c bezeichnet. Ein Bild f\u00fcr die Co-Existenz von unterschiedlichsten Menschen mit unterschiedlichsten Kulturen &#8211; und&#8230; Rechensystemen!<\/p>\n\n\n\n<p>Ja, hier wird sich zwar die Sch\u00fcssel und das Dressing geteilt, aber bei der Frage, ob Dezimalsystem oder Feet bzw. Inches, da scheiden sich anscheinend die Geister in diesem wundersamen Wunderland\u2026<\/p>\n\n\n\n<h2 class=\"wp-block-heading\">Theodor Storm EP<\/h2>\n\n\n\n<p>An dieser Stelle m\u00f6chte ich \u00fcbrigens gleich zwei Geheimnisse l\u00fcften:<\/p>\n\n\n\n<p>Meine neue EP mit vertonten Theodor-Storm-Gedichten wird \u201eWUNDERLAND\u201c hei\u00dfen. Und, sie wird auch durch die Kunst der kanadisch\/portugiesischen K\u00fcnstlerin Bianca Cardoso wie ein WunderWERK aussehen! Ich freue mich sehr \u00fcber diese inspirierende Zusammenarbeit und den kreativen kulturellen Austausch \ud83d\ude09<\/p>\n\n\n\n<p>Wer schonmal lauschen m\u00f6chte, dem lege ich an dieser Stelle erneut meinen Podcast <a href=\"https:\/\/www.wahrhaftigundvehement.de\/episode\/41-stand-der-dinge\/\" target=\"_blank\" rel=\"noreferrer noopener\">\u201eWahrhaftig und Vehement\u201c<\/a> ans Herz. In der aktuellen Folge erfahrt ihr nicht nur weitere Details zum Stand der Dinge sondern bekommt auch einen kleinen Vorgeschmack zum Titeltrack der neuen EP.<\/p>\n\n\n\n<p>Zeitgleich mit meinem Visum erreichte mich \u00fcbrigens eine Anfrage, die mein K\u00fcnsterinnenherz hohe Wogen schlagen lie\u00df. So wie es aussieht, werde ich den Hochsommer mit meiner Familie in Nordfriesland verbringen und auf F\u00f6hr die musikalische Leitung f\u00fcr ein Theaterst\u00fcck um den Lyriker Theodor Storm \u00fcbernehmen.<\/p>\n\n\n\n<p>Der Flug am 1. Juli ist bereits gebucht, das Visum noch ein ganzes Jahr lang g\u00fcltig, der Reisepass sowieso\u2026 Ich glaube, diesmal habe ich wirklich an alles gedacht \ud83d\ude09<\/p>\n\n\n\n<p>Alles Liebe und auf bald, eure Synje.<\/p>","protected":false},"excerpt":{"rendered":"<p>Ja, da denkt man, man h\u00e4tte an alles gedacht, alle Reisevorkehrungen getroffen, Konzerte in der Heimat gebucht und die T\u00fccher zum Trocknen an die Leine geh\u00e4ngt &#8211; nur um dann durch einen (un)gl\u00fccklichen Zufall festzustellen, dass einem ein wichtiger Stempel&#8230;<\/p>","protected":false},"author":1,"featured_media":3332,"comment_status":"closed","ping_status":"open","sticky":false,"template":"","format":"standard","meta":{"footnotes":""},"categories":[1,195,7],"tags":[194,235,240,239,237,217,231,187,192,130,189,236,131,238],"class_list":["post-3334","post","type-post","status-publish","format-standard","has-post-thumbnail","hentry","category-allgemein","category-blog","category-music","tag-blog","tag-europa","tag-foehr","tag-heimweh","tag-illegal","tag-kanada","tag-kulturschock","tag-newsletter","tag-nordfriesland","tag-podcast","tag-theodor-storm","tag-visum","tag-wahrhaftig-und-vehement","tag-winter"],"yoast_head":"<!-- This site is optimized with the Yoast SEO plugin v27.4 - https:\/\/yoast.com\/product\/yoast-seo-wordpress\/ -->\n<title>Von illegaler Ungebundenheit und anderen kulturellen Gro\u00dfereignissen\u2026 - Synje Norland<\/title>\n<meta name=\"robots\" content=\"index, follow, max-snippet:-1, max-image-preview:large, max-video-preview:-1\" \/>\n<link rel=\"canonical\" href=\"https:\/\/www.synjenorland.com\/en\/von-illegaler-ungebundenheit-und-anderen-kulturellen-grossereignissen\/\" \/>\n<meta property=\"og:locale\" content=\"en_US\" \/>\n<meta property=\"og:type\" content=\"article\" \/>\n<meta property=\"og:title\" content=\"Von illegaler Ungebundenheit und anderen kulturellen Gro\u00dfereignissen\u2026 - Synje Norland\" \/>\n<meta property=\"og:description\" content=\"Ja, da denkt man, man h\u00e4tte an alles gedacht, alle Reisevorkehrungen getroffen, Konzerte in der Heimat gebucht und die T\u00fccher zum Trocknen an die Leine geh\u00e4ngt &#8211; nur um dann durch einen (un)gl\u00fccklichen Zufall festzustellen, dass einem ein wichtiger Stempel...\" \/>\n<meta property=\"og:url\" content=\"https:\/\/www.synjenorland.com\/en\/von-illegaler-ungebundenheit-und-anderen-kulturellen-grossereignissen\/\" \/>\n<meta property=\"og:site_name\" content=\"Synje Norland\" \/>\n<meta property=\"article:publisher\" content=\"https:\/\/www.facebook.com\/synjenorland\/\" \/>\n<meta property=\"article:author\" content=\"https:\/\/www.facebook.com\/synjenorland\/\" \/>\n<meta property=\"article:published_time\" content=\"2024-04-03T20:29:19+00:00\" \/>\n<meta property=\"article:modified_time\" content=\"2025-01-17T10:11:59+00:00\" \/>\n<meta property=\"og:image\" content=\"https:\/\/www.synjenorland.com\/wp-content\/uploads\/2024\/04\/DigifileFront1-2.jpg\" \/>\n\t<meta property=\"og:image:width\" content=\"1645\" \/>\n\t<meta property=\"og:image:height\" content=\"1500\" \/>\n\t<meta property=\"og:image:type\" content=\"image\/jpeg\" \/>\n<meta name=\"author\" content=\"Synje Norland\" \/>\n<meta name=\"twitter:card\" content=\"summary_large_image\" \/>\n<meta name=\"twitter:label1\" content=\"Written by\" \/>\n\t<meta name=\"twitter:data1\" content=\"Synje Norland\" \/>\n\t<meta name=\"twitter:label2\" content=\"Est. reading time\" \/>\n\t<meta name=\"twitter:data2\" content=\"3 minutes\" \/>\n<script type=\"application\/ld+json\" class=\"yoast-schema-graph\">{\"@context\":\"https:\\\/\\\/schema.org\",\"@graph\":[{\"@type\":\"Article\",\"@id\":\"https:\\\/\\\/www.synjenorland.com\\\/von-illegaler-ungebundenheit-und-anderen-kulturellen-grossereignissen\\\/#article\",\"isPartOf\":{\"@id\":\"https:\\\/\\\/www.synjenorland.com\\\/von-illegaler-ungebundenheit-und-anderen-kulturellen-grossereignissen\\\/\"},\"author\":{\"name\":\"Synje Norland\",\"@id\":\"https:\\\/\\\/www.synjenorland.com\\\/#\\\/schema\\\/person\\\/72dea3a32f919f7dee18d0ddcdab6e26\"},\"headline\":\"Von illegaler Ungebundenheit und anderen kulturellen Gro\u00dfereignissen\u2026\",\"datePublished\":\"2024-04-03T20:29:19+00:00\",\"dateModified\":\"2025-01-17T10:11:59+00:00\",\"mainEntityOfPage\":{\"@id\":\"https:\\\/\\\/www.synjenorland.com\\\/von-illegaler-ungebundenheit-und-anderen-kulturellen-grossereignissen\\\/\"},\"wordCount\":648,\"publisher\":{\"@id\":\"https:\\\/\\\/www.synjenorland.com\\\/#\\\/schema\\\/person\\\/72dea3a32f919f7dee18d0ddcdab6e26\"},\"image\":{\"@id\":\"https:\\\/\\\/www.synjenorland.com\\\/von-illegaler-ungebundenheit-und-anderen-kulturellen-grossereignissen\\\/#primaryimage\"},\"thumbnailUrl\":\"https:\\\/\\\/www.synjenorland.com\\\/wp-content\\\/uploads\\\/2024\\\/04\\\/DigifileFront1-2.jpg\",\"keywords\":[\"Blog\",\"Europa\",\"F\u00f6hr\",\"Heimweh\",\"Illegal\",\"Kanada\",\"Kulturschock\",\"Newsletter\",\"Nordfriesland\",\"Podcast\",\"Theodor Storm\",\"Visum\",\"Wahrhaftig und Vehement\",\"Winter\"],\"articleSection\":[\"Allgemein\",\"Blog\",\"Music\"],\"inLanguage\":\"en-US\"},{\"@type\":\"WebPage\",\"@id\":\"https:\\\/\\\/www.synjenorland.com\\\/von-illegaler-ungebundenheit-und-anderen-kulturellen-grossereignissen\\\/\",\"url\":\"https:\\\/\\\/www.synjenorland.com\\\/von-illegaler-ungebundenheit-und-anderen-kulturellen-grossereignissen\\\/\",\"name\":\"Von illegaler Ungebundenheit und anderen kulturellen Gro\u00dfereignissen\u2026 - Synje Norland\",\"isPartOf\":{\"@id\":\"https:\\\/\\\/www.synjenorland.com\\\/#website\"},\"primaryImageOfPage\":{\"@id\":\"https:\\\/\\\/www.synjenorland.com\\\/von-illegaler-ungebundenheit-und-anderen-kulturellen-grossereignissen\\\/#primaryimage\"},\"image\":{\"@id\":\"https:\\\/\\\/www.synjenorland.com\\\/von-illegaler-ungebundenheit-und-anderen-kulturellen-grossereignissen\\\/#primaryimage\"},\"thumbnailUrl\":\"https:\\\/\\\/www.synjenorland.com\\\/wp-content\\\/uploads\\\/2024\\\/04\\\/DigifileFront1-2.jpg\",\"datePublished\":\"2024-04-03T20:29:19+00:00\",\"dateModified\":\"2025-01-17T10:11:59+00:00\",\"breadcrumb\":{\"@id\":\"https:\\\/\\\/www.synjenorland.com\\\/von-illegaler-ungebundenheit-und-anderen-kulturellen-grossereignissen\\\/#breadcrumb\"},\"inLanguage\":\"en-US\",\"potentialAction\":[{\"@type\":\"ReadAction\",\"target\":[\"https:\\\/\\\/www.synjenorland.com\\\/von-illegaler-ungebundenheit-und-anderen-kulturellen-grossereignissen\\\/\"]}]},{\"@type\":\"ImageObject\",\"inLanguage\":\"en-US\",\"@id\":\"https:\\\/\\\/www.synjenorland.com\\\/von-illegaler-ungebundenheit-und-anderen-kulturellen-grossereignissen\\\/#primaryimage\",\"url\":\"https:\\\/\\\/www.synjenorland.com\\\/wp-content\\\/uploads\\\/2024\\\/04\\\/DigifileFront1-2.jpg\",\"contentUrl\":\"https:\\\/\\\/www.synjenorland.com\\\/wp-content\\\/uploads\\\/2024\\\/04\\\/DigifileFront1-2.jpg\",\"width\":1645,\"height\":1500,\"caption\":\"Wunderland Cover\"},{\"@type\":\"BreadcrumbList\",\"@id\":\"https:\\\/\\\/www.synjenorland.com\\\/von-illegaler-ungebundenheit-und-anderen-kulturellen-grossereignissen\\\/#breadcrumb\",\"itemListElement\":[{\"@type\":\"ListItem\",\"position\":1,\"name\":\"Startseite\",\"item\":\"https:\\\/\\\/www.synjenorland.com\\\/\"},{\"@type\":\"ListItem\",\"position\":2,\"name\":\"Von illegaler Ungebundenheit und anderen kulturellen Gro\u00dfereignissen\u2026\"}]},{\"@type\":\"WebSite\",\"@id\":\"https:\\\/\\\/www.synjenorland.com\\\/#website\",\"url\":\"https:\\\/\\\/www.synjenorland.com\\\/\",\"name\":\"Synje Norland\",\"description\":\"Synje Norland | Singer-Songwriter\",\"publisher\":{\"@id\":\"https:\\\/\\\/www.synjenorland.com\\\/#\\\/schema\\\/person\\\/72dea3a32f919f7dee18d0ddcdab6e26\"},\"potentialAction\":[{\"@type\":\"SearchAction\",\"target\":{\"@type\":\"EntryPoint\",\"urlTemplate\":\"https:\\\/\\\/www.synjenorland.com\\\/?s={search_term_string}\"},\"query-input\":{\"@type\":\"PropertyValueSpecification\",\"valueRequired\":true,\"valueName\":\"search_term_string\"}}],\"inLanguage\":\"en-US\"},{\"@type\":[\"Person\",\"Organization\"],\"@id\":\"https:\\\/\\\/www.synjenorland.com\\\/#\\\/schema\\\/person\\\/72dea3a32f919f7dee18d0ddcdab6e26\",\"name\":\"Synje Norland\",\"image\":{\"@type\":\"ImageObject\",\"inLanguage\":\"en-US\",\"@id\":\"https:\\\/\\\/secure.gravatar.com\\\/avatar\\\/6adc73af4918bdae4101c4c560261de2b72b75162a7ac281ab65762995a63475?s=96&d=mm&r=g\",\"url\":\"https:\\\/\\\/secure.gravatar.com\\\/avatar\\\/6adc73af4918bdae4101c4c560261de2b72b75162a7ac281ab65762995a63475?s=96&d=mm&r=g\",\"contentUrl\":\"https:\\\/\\\/secure.gravatar.com\\\/avatar\\\/6adc73af4918bdae4101c4c560261de2b72b75162a7ac281ab65762995a63475?s=96&d=mm&r=g\",\"caption\":\"Synje Norland\"},\"logo\":{\"@id\":\"https:\\\/\\\/secure.gravatar.com\\\/avatar\\\/6adc73af4918bdae4101c4c560261de2b72b75162a7ac281ab65762995a63475?s=96&d=mm&r=g\"},\"sameAs\":[\"https:\\\/\\\/www.synjenorland.com\",\"https:\\\/\\\/www.facebook.com\\\/synjenorland\\\/\",\"https:\\\/\\\/www.youtube.com\\\/@norlandmusic\",\"https:\\\/\\\/soundcloud.com\\\/synjenorland\",\"https:\\\/\\\/de.wikipedia.org\\\/wiki\\\/Synje_Norland\"],\"url\":\"https:\\\/\\\/www.synjenorland.com\\\/en\\\/author\\\/synjesingt\\\/\"}]}<\/script>\n<!-- \/ Yoast SEO plugin. -->","yoast_head_json":{"title":"Von illegaler Ungebundenheit und anderen kulturellen Gro\u00dfereignissen\u2026 - Synje Norland","robots":{"index":"index","follow":"follow","max-snippet":"max-snippet:-1","max-image-preview":"max-image-preview:large","max-video-preview":"max-video-preview:-1"},"canonical":"https:\/\/www.synjenorland.com\/en\/von-illegaler-ungebundenheit-und-anderen-kulturellen-grossereignissen\/","og_locale":"en_US","og_type":"article","og_title":"Von illegaler Ungebundenheit und anderen kulturellen Gro\u00dfereignissen\u2026 - Synje Norland","og_description":"Ja, da denkt man, man h\u00e4tte an alles gedacht, alle Reisevorkehrungen getroffen, Konzerte in der Heimat gebucht und die T\u00fccher zum Trocknen an die Leine geh\u00e4ngt &#8211; nur um dann durch einen (un)gl\u00fccklichen Zufall festzustellen, dass einem ein wichtiger Stempel...","og_url":"https:\/\/www.synjenorland.com\/en\/von-illegaler-ungebundenheit-und-anderen-kulturellen-grossereignissen\/","og_site_name":"Synje Norland","article_publisher":"https:\/\/www.facebook.com\/synjenorland\/","article_author":"https:\/\/www.facebook.com\/synjenorland\/","article_published_time":"2024-04-03T20:29:19+00:00","article_modified_time":"2025-01-17T10:11:59+00:00","og_image":[{"width":1645,"height":1500,"url":"https:\/\/www.synjenorland.com\/wp-content\/uploads\/2024\/04\/DigifileFront1-2.jpg","type":"image\/jpeg"}],"author":"Synje Norland","twitter_card":"summary_large_image","twitter_misc":{"Written by":"Synje Norland","Est. reading time":"3 minutes"},"schema":{"@context":"https:\/\/schema.org","@graph":[{"@type":"Article","@id":"https:\/\/www.synjenorland.com\/von-illegaler-ungebundenheit-und-anderen-kulturellen-grossereignissen\/#article","isPartOf":{"@id":"https:\/\/www.synjenorland.com\/von-illegaler-ungebundenheit-und-anderen-kulturellen-grossereignissen\/"},"author":{"name":"Synje Norland","@id":"https:\/\/www.synjenorland.com\/#\/schema\/person\/72dea3a32f919f7dee18d0ddcdab6e26"},"headline":"Von illegaler Ungebundenheit und anderen kulturellen Gro\u00dfereignissen\u2026","datePublished":"2024-04-03T20:29:19+00:00","dateModified":"2025-01-17T10:11:59+00:00","mainEntityOfPage":{"@id":"https:\/\/www.synjenorland.com\/von-illegaler-ungebundenheit-und-anderen-kulturellen-grossereignissen\/"},"wordCount":648,"publisher":{"@id":"https:\/\/www.synjenorland.com\/#\/schema\/person\/72dea3a32f919f7dee18d0ddcdab6e26"},"image":{"@id":"https:\/\/www.synjenorland.com\/von-illegaler-ungebundenheit-und-anderen-kulturellen-grossereignissen\/#primaryimage"},"thumbnailUrl":"https:\/\/www.synjenorland.com\/wp-content\/uploads\/2024\/04\/DigifileFront1-2.jpg","keywords":["Blog","Europa","F\u00f6hr","Heimweh","Illegal","Kanada","Kulturschock","Newsletter","Nordfriesland","Podcast","Theodor Storm","Visum","Wahrhaftig und Vehement","Winter"],"articleSection":["Allgemein","Blog","Music"],"inLanguage":"en-US"},{"@type":"WebPage","@id":"https:\/\/www.synjenorland.com\/von-illegaler-ungebundenheit-und-anderen-kulturellen-grossereignissen\/","url":"https:\/\/www.synjenorland.com\/von-illegaler-ungebundenheit-und-anderen-kulturellen-grossereignissen\/","name":"Von illegaler Ungebundenheit und anderen kulturellen Gro\u00dfereignissen\u2026 - Synje Norland","isPartOf":{"@id":"https:\/\/www.synjenorland.com\/#website"},"primaryImageOfPage":{"@id":"https:\/\/www.synjenorland.com\/von-illegaler-ungebundenheit-und-anderen-kulturellen-grossereignissen\/#primaryimage"},"image":{"@id":"https:\/\/www.synjenorland.com\/von-illegaler-ungebundenheit-und-anderen-kulturellen-grossereignissen\/#primaryimage"},"thumbnailUrl":"https:\/\/www.synjenorland.com\/wp-content\/uploads\/2024\/04\/DigifileFront1-2.jpg","datePublished":"2024-04-03T20:29:19+00:00","dateModified":"2025-01-17T10:11:59+00:00","breadcrumb":{"@id":"https:\/\/www.synjenorland.com\/von-illegaler-ungebundenheit-und-anderen-kulturellen-grossereignissen\/#breadcrumb"},"inLanguage":"en-US","potentialAction":[{"@type":"ReadAction","target":["https:\/\/www.synjenorland.com\/von-illegaler-ungebundenheit-und-anderen-kulturellen-grossereignissen\/"]}]},{"@type":"ImageObject","inLanguage":"en-US","@id":"https:\/\/www.synjenorland.com\/von-illegaler-ungebundenheit-und-anderen-kulturellen-grossereignissen\/#primaryimage","url":"https:\/\/www.synjenorland.com\/wp-content\/uploads\/2024\/04\/DigifileFront1-2.jpg","contentUrl":"https:\/\/www.synjenorland.com\/wp-content\/uploads\/2024\/04\/DigifileFront1-2.jpg","width":1645,"height":1500,"caption":"Wunderland Cover"},{"@type":"BreadcrumbList","@id":"https:\/\/www.synjenorland.com\/von-illegaler-ungebundenheit-und-anderen-kulturellen-grossereignissen\/#breadcrumb","itemListElement":[{"@type":"ListItem","position":1,"name":"Startseite","item":"https:\/\/www.synjenorland.com\/"},{"@type":"ListItem","position":2,"name":"Von illegaler Ungebundenheit und anderen kulturellen Gro\u00dfereignissen\u2026"}]},{"@type":"WebSite","@id":"https:\/\/www.synjenorland.com\/#website","url":"https:\/\/www.synjenorland.com\/","name":"Synje Norland","description":"Synje Norland | Singer-Songwriter","publisher":{"@id":"https:\/\/www.synjenorland.com\/#\/schema\/person\/72dea3a32f919f7dee18d0ddcdab6e26"},"potentialAction":[{"@type":"SearchAction","target":{"@type":"EntryPoint","urlTemplate":"https:\/\/www.synjenorland.com\/?s={search_term_string}"},"query-input":{"@type":"PropertyValueSpecification","valueRequired":true,"valueName":"search_term_string"}}],"inLanguage":"en-US"},{"@type":["Person","Organization"],"@id":"https:\/\/www.synjenorland.com\/#\/schema\/person\/72dea3a32f919f7dee18d0ddcdab6e26","name":"Synje Norland","image":{"@type":"ImageObject","inLanguage":"en-US","@id":"https:\/\/secure.gravatar.com\/avatar\/6adc73af4918bdae4101c4c560261de2b72b75162a7ac281ab65762995a63475?s=96&d=mm&r=g","url":"https:\/\/secure.gravatar.com\/avatar\/6adc73af4918bdae4101c4c560261de2b72b75162a7ac281ab65762995a63475?s=96&d=mm&r=g","contentUrl":"https:\/\/secure.gravatar.com\/avatar\/6adc73af4918bdae4101c4c560261de2b72b75162a7ac281ab65762995a63475?s=96&d=mm&r=g","caption":"Synje Norland"},"logo":{"@id":"https:\/\/secure.gravatar.com\/avatar\/6adc73af4918bdae4101c4c560261de2b72b75162a7ac281ab65762995a63475?s=96&d=mm&r=g"},"sameAs":["https:\/\/www.synjenorland.com","https:\/\/www.facebook.com\/synjenorland\/","https:\/\/www.youtube.com\/@norlandmusic","https:\/\/soundcloud.com\/synjenorland","https:\/\/de.wikipedia.org\/wiki\/Synje_Norland"],"url":"https:\/\/www.synjenorland.com\/en\/author\/synjesingt\/"}]}},"_links":{"self":[{"href":"https:\/\/www.synjenorland.com\/en\/wp-json\/wp\/v2\/posts\/3334","targetHints":{"allow":["GET"]}}],"collection":[{"href":"https:\/\/www.synjenorland.com\/en\/wp-json\/wp\/v2\/posts"}],"about":[{"href":"https:\/\/www.synjenorland.com\/en\/wp-json\/wp\/v2\/types\/post"}],"author":[{"embeddable":true,"href":"https:\/\/www.synjenorland.com\/en\/wp-json\/wp\/v2\/users\/1"}],"replies":[{"embeddable":true,"href":"https:\/\/www.synjenorland.com\/en\/wp-json\/wp\/v2\/comments?post=3334"}],"version-history":[{"count":1,"href":"https:\/\/www.synjenorland.com\/en\/wp-json\/wp\/v2\/posts\/3334\/revisions"}],"predecessor-version":[{"id":3335,"href":"https:\/\/www.synjenorland.com\/en\/wp-json\/wp\/v2\/posts\/3334\/revisions\/3335"}],"wp:featuredmedia":[{"embeddable":true,"href":"https:\/\/www.synjenorland.com\/en\/wp-json\/wp\/v2\/media\/3332"}],"wp:attachment":[{"href":"https:\/\/www.synjenorland.com\/en\/wp-json\/wp\/v2\/media?parent=3334"}],"wp:term":[{"taxonomy":"category","embeddable":true,"href":"https:\/\/www.synjenorland.com\/en\/wp-json\/wp\/v2\/categories?post=3334"},{"taxonomy":"post_tag","embeddable":true,"href":"https:\/\/www.synjenorland.com\/en\/wp-json\/wp\/v2\/tags?post=3334"}],"curies":[{"name":"wp","href":"https:\/\/api.w.org\/{rel}","templated":true}]}}