{"id":3922,"date":"2024-07-23T12:12:00","date_gmt":"2024-07-23T10:12:00","guid":{"rendered":"https:\/\/www.synjenorland.com\/?p=3922"},"modified":"2026-03-08T21:55:29","modified_gmt":"2026-03-08T20:55:29","slug":"vom-los-der-vielfalt-und-anderen-inszenierungen","status":"publish","type":"post","link":"https:\/\/www.synjenorland.com\/en\/vom-los-der-vielfalt-und-anderen-inszenierungen\/","title":{"rendered":"Vom Los der Vielfalt und anderen Inszenierungen\u2026"},"content":{"rendered":"<h2 class=\"wp-block-heading\">Home sweet Home<\/h2>\n\n\n\n<p>Nach genau einem Jahr in Kanada hat es mich f\u00fcr einen Arbeitsurlaub in die so-called \u201eFriesische Karibik\u201c, auf die nordfriesische Insel F\u00f6hr, verschlagen. Und die macht nach 2 Wochen Dauerregen zumindest seit ein paar Tagen ihrem Namen alle Ehre \ud83d\ude09<\/p>\n\n\n\n<h2 class=\"wp-block-heading\">Theatermusik<\/h2>\n\n\n\n<p>Als vor ein paar Monaten die Anfrage des <a href=\"https:\/\/hoftheater-foehr.de\/\">Hoftheaters F\u00f6hr<\/a> kam, ob ich mir vorstellen k\u00f6nnte als Komponistin, musikalische Leiterin und Schauspielerin an einer Theaterinszenierung \u00fcber den Dichter Theodor Storm mitzuwirken, schrie alles in mir aus vollem Herzen \u201eJAAAAA!!!&#8220;&#8230;<\/p>\n\n\n\n<p>Ja, zu dieser gro\u00dfartigen Herausforderung und zu der M\u00f6glichkeit etwas v\u00f6llig neues auszuprobieren. Ja, zu einem Besuch in der Heimat zur sch\u00f6nsten Zeit des Jahres. Ja, zu einer Reise, bei der ich zu dem Zeitpunkt noch nicht wissen konnte, wohin sie mich f\u00fchren w\u00fcrde.<\/p>\n\n\n\n<p>Seitdem sind 10 neue Lieder entstanden. 10 Lieder, die ich gezielt f\u00fcr diese Inszenierung geschrieben habe. Lieder, die auf den ersten Blick so rein gar nichts mit mir zu tun zu haben scheinen, die aber auf den zweiten Blick alles mit mir zu tun haben.<\/p>\n\n\n\n<p>Denn die Arbeit an diesem Projekt hat mir wieder einmal bewusst gemacht, wie viele musikalische Seelen in meiner Brust schlagen. Seelen, die sonst bei meiner Arbeit als Singer-Songwriterin in der Vergangenheit oft keinen Raum finden durften, weil sie zu anders waren &#8211; zu laut &#8211; zu leise\u2026<\/p>\n\n\n\n<h2 class=\"wp-block-heading\">Das schwere Los der Vielfalt<\/h2>\n\n\n\n<p>Immer wieder habe ich mit meiner Vielf\u00e4ltigkeit gehadert, so merkw\u00fcrdig das auch klingen mag. Habe mich selbst beschnitten und Dinge nicht getan, aus Angst, in einer falschen Schublade landen zu k\u00f6nnen. Und habe im Gegenzug doppelt so viele Dinge doch getan &#8211; aller guten Ratschl\u00e4ge zum Trotz. Weil ich Lust auf das jeweilige Projekt oder auf das Honorar hatte. Weil ich Lust auf die involvierten Menschen hatte, oder darauf, einen anderen Blickwinkel einzunehmen. Weil es Teil meines Wesens ist, meiner Intuition und Neugierde zu folgen&#8230;<\/p>\n\n\n\n<p>Bei diesem Projekt habe ich zum ersten Mal das Gef\u00fchl, wirklich und vollkommen in meiner musikalischen Kraft angekommen zu sein. Bei meinen St\u00e4rken als Songschreiberin, die eben genau in dieser Vielf\u00e4ltigkeit liegen. Diesen Platz f\u00fcr mich gefunden zu haben, der es mir erlaubt, all das zu sein, was ich musikalisch bin.<\/p>\n\n\n\n<p>Ich bin gespannt, was die n\u00e4chsten Wochen noch f\u00fcr mich bereithalten werden.<\/p>\n\n\n\n<p>Am 24. August ist die Premiere des St\u00fccks. Wer also in\u00a0der letzten Augustwoche auf F\u00f6hr ist, der komme doch sehr gerne in S\u00fcderende vorbei \ud83d\ude42<\/p>\n\n\n\n<h2 class=\"wp-block-heading\">Eine EP als Lernaufgabe<\/h2>\n\n\n\n<p>Auf der anderen Seite der Medaille steht, dass die EP immer noch nicht fertig ist. Es scheint fast so, als w\u00fcrde sich mir mit jedem weiteren Schritt Richtung Fertigstellung ein neuer zeit- und kostenintensiver Stolperstein in den Weg legen, und ich frage mich, welch schwere Lernaufgabe diese Lieder, die mit soviel Leichtigkeit entstanden sind, wohl f\u00fcr mich bereithalten m\u00f6gen.<\/p>\n\n\n\n<p>Eigentlich ist das Mastering eine entspannte Kuh, die erfahrungsgem\u00e4\u00df innerhalb weniger Tage vom Eis ist. Die mit ein bi\u00dfchen Feenstaub, den Mixen einen letzten Glanz verleiht. Nicht mehr und nicht weniger. Zumindest verhielt es sich bei all meinen anderen Produktionen so\u2026<\/p>\n\n\n\n<p>Nicht so bei dieser. Noch nie musste ich so sehr f\u00fcr ein Werk k\u00e4mpfen. Noch nie wurde ich so sehr mit Menschen konfrontiert, die meinten, in mein k\u00fcnstlerisches Werk eingreifen zu m\u00fcssen\u2026 Ja, das Thema Abgrenzung und Selbstvertrauen wird mit Sicherheit eine Rolle bei dieser Lernaufgabe spielen.<\/p>\n\n\n\n<p>Genau werde ich es wohl erst in der R\u00fcckschau wissen\u2026<\/p>\n\n\n\n<p>Bis dahin hei\u00dft es, einen Schritt nach dem anderen zu gehen &#8211; hoffentlich ohne weitere Stolpersteine. In dem Vertrauen, dass alles seinen Sinn und seine Zeit hat.<\/p>\n\n\n\n<p>Bitte dr\u00fcckt mir die Daumen f\u00fcr die n\u00e4chsten Schritte &#8211; es sind nicht mehr viele.<\/p>\n\n\n\n<p>Falls ihr euch noch keine EP \u00fcber das Crowdfunding gesichert habt, k\u00f6nnt ihr sie jetzt \u00fcbrigens auf meiner <a href=\"https:\/\/www.synjenorland.com\/en\/\">Website<\/a> vorbestellen. Ich gebe zwar keine Prognosen mehr, wann sie erscheinen wird, aber irgendwann wird dieses Werk, auf dessen Lieder ich sehr stolz bin, in eurem Briefkasten liegen &#8211; m\u00f6ge dieser Moment recht bald sein!!!<\/p>","protected":false},"excerpt":{"rendered":"<p>Home sweet Home Nach genau einem Jahr in Kanada hat es mich f\u00fcr einen Arbeitsurlaub in die so-called \u201eFriesische Karibik\u201c, auf die nordfriesische Insel F\u00f6hr, verschlagen. Und die macht nach 2 Wochen Dauerregen zumindest seit ein paar Tagen ihrem Namen&#8230;<\/p>","protected":false},"author":1,"featured_media":3358,"comment_status":"closed","ping_status":"open","sticky":false,"template":"","format":"standard","meta":{"footnotes":""},"categories":[1,195,7],"tags":[254,194,243,240,190,280,253,242,217,279,187,192,251,281,244,241,189,278,131],"class_list":["post-3922","post","type-post","status-publish","format-standard","has-post-thumbnail","hentry","category-allgemein","category-blog","category-music","tag-anker","tag-blog","tag-ep","tag-foehr","tag-heimat","tag-hoftheater-foehr","tag-innere-heimat","tag-inspiration","tag-kanada","tag-neue-ep","tag-newsletter","tag-nordfriesland","tag-planaenderung","tag-songs","tag-stolpersteine","tag-theater","tag-theodor-storm","tag-vielfalt","tag-wahrhaftig-und-vehement"],"yoast_head":"<!-- This site is optimized with the Yoast SEO plugin v27.4 - https:\/\/yoast.com\/product\/yoast-seo-wordpress\/ -->\n<title>Vom Los der Vielfalt und anderen Inszenierungen\u2026<\/title>\n<meta name=\"description\" content=\"Home sweet Home. Nach genau einem Jahr in Kanada hat es mich f\u00fcr einen Arbeitsurlaub in die so-called \u201eFriesische Karibik\u201c verschlagen.\" \/>\n<meta name=\"robots\" content=\"index, follow, max-snippet:-1, max-image-preview:large, max-video-preview:-1\" \/>\n<link rel=\"canonical\" href=\"https:\/\/www.synjenorland.com\/en\/vom-los-der-vielfalt-und-anderen-inszenierungen\/\" \/>\n<meta property=\"og:locale\" content=\"en_US\" \/>\n<meta property=\"og:type\" content=\"article\" \/>\n<meta property=\"og:title\" content=\"Vom Los der Vielfalt und anderen Inszenierungen\u2026\" \/>\n<meta property=\"og:description\" content=\"Home sweet Home. Nach genau einem Jahr in Kanada hat es mich f\u00fcr einen Arbeitsurlaub in die so-called \u201eFriesische Karibik\u201c verschlagen.\" \/>\n<meta property=\"og:url\" content=\"https:\/\/www.synjenorland.com\/en\/vom-los-der-vielfalt-und-anderen-inszenierungen\/\" \/>\n<meta property=\"og:site_name\" content=\"Synje Norland\" \/>\n<meta property=\"article:publisher\" content=\"https:\/\/www.facebook.com\/synjenorland\/\" \/>\n<meta property=\"article:author\" content=\"https:\/\/www.facebook.com\/synjenorland\/\" \/>\n<meta property=\"article:published_time\" content=\"2024-07-23T10:12:00+00:00\" \/>\n<meta property=\"article:modified_time\" content=\"2026-03-08T20:55:29+00:00\" \/>\n<meta property=\"og:image\" content=\"https:\/\/www.synjenorland.com\/wp-content\/uploads\/2024\/07\/IMG_1629-1-scaled.jpeg\" \/>\n\t<meta property=\"og:image:width\" content=\"2560\" \/>\n\t<meta property=\"og:image:height\" content=\"2522\" \/>\n\t<meta property=\"og:image:type\" content=\"image\/jpeg\" \/>\n<meta name=\"author\" content=\"Synje Norland\" \/>\n<meta name=\"twitter:card\" content=\"summary_large_image\" \/>\n<meta name=\"twitter:label1\" content=\"Written by\" \/>\n\t<meta name=\"twitter:data1\" content=\"Synje Norland\" \/>\n\t<meta name=\"twitter:label2\" content=\"Est. reading time\" \/>\n\t<meta name=\"twitter:data2\" content=\"4 minutes\" \/>\n<script type=\"application\/ld+json\" class=\"yoast-schema-graph\">{\"@context\":\"https:\\\/\\\/schema.org\",\"@graph\":[{\"@type\":\"Article\",\"@id\":\"https:\\\/\\\/www.synjenorland.com\\\/vom-los-der-vielfalt-und-anderen-inszenierungen\\\/#article\",\"isPartOf\":{\"@id\":\"https:\\\/\\\/www.synjenorland.com\\\/vom-los-der-vielfalt-und-anderen-inszenierungen\\\/\"},\"author\":{\"name\":\"Synje Norland\",\"@id\":\"https:\\\/\\\/www.synjenorland.com\\\/#\\\/schema\\\/person\\\/72dea3a32f919f7dee18d0ddcdab6e26\"},\"headline\":\"Vom Los der Vielfalt und anderen Inszenierungen\u2026\",\"datePublished\":\"2024-07-23T10:12:00+00:00\",\"dateModified\":\"2026-03-08T20:55:29+00:00\",\"mainEntityOfPage\":{\"@id\":\"https:\\\/\\\/www.synjenorland.com\\\/vom-los-der-vielfalt-und-anderen-inszenierungen\\\/\"},\"wordCount\":696,\"publisher\":{\"@id\":\"https:\\\/\\\/www.synjenorland.com\\\/#\\\/schema\\\/person\\\/72dea3a32f919f7dee18d0ddcdab6e26\"},\"image\":{\"@id\":\"https:\\\/\\\/www.synjenorland.com\\\/vom-los-der-vielfalt-und-anderen-inszenierungen\\\/#primaryimage\"},\"thumbnailUrl\":\"https:\\\/\\\/www.synjenorland.com\\\/wp-content\\\/uploads\\\/2024\\\/07\\\/IMG_1629-1-scaled.jpeg\",\"keywords\":[\"Anker\",\"Blog\",\"EP\",\"F\u00f6hr\",\"Heimat\",\"Hoftheater F\u00f6hr\",\"Innere Heimat\",\"Inspiration\",\"Kanada\",\"Neue EP\",\"Newsletter\",\"Nordfriesland\",\"Plan\u00e4nderung\",\"Songs\",\"Stolpersteine\",\"Theater\",\"Theodor Storm\",\"Vielfalt\",\"Wahrhaftig und Vehement\"],\"articleSection\":[\"Allgemein\",\"Blog\",\"Music\"],\"inLanguage\":\"en-US\"},{\"@type\":\"WebPage\",\"@id\":\"https:\\\/\\\/www.synjenorland.com\\\/vom-los-der-vielfalt-und-anderen-inszenierungen\\\/\",\"url\":\"https:\\\/\\\/www.synjenorland.com\\\/vom-los-der-vielfalt-und-anderen-inszenierungen\\\/\",\"name\":\"Vom Los der Vielfalt und anderen Inszenierungen\u2026\",\"isPartOf\":{\"@id\":\"https:\\\/\\\/www.synjenorland.com\\\/#website\"},\"primaryImageOfPage\":{\"@id\":\"https:\\\/\\\/www.synjenorland.com\\\/vom-los-der-vielfalt-und-anderen-inszenierungen\\\/#primaryimage\"},\"image\":{\"@id\":\"https:\\\/\\\/www.synjenorland.com\\\/vom-los-der-vielfalt-und-anderen-inszenierungen\\\/#primaryimage\"},\"thumbnailUrl\":\"https:\\\/\\\/www.synjenorland.com\\\/wp-content\\\/uploads\\\/2024\\\/07\\\/IMG_1629-1-scaled.jpeg\",\"datePublished\":\"2024-07-23T10:12:00+00:00\",\"dateModified\":\"2026-03-08T20:55:29+00:00\",\"description\":\"Home sweet Home. Nach genau einem Jahr in Kanada hat es mich f\u00fcr einen Arbeitsurlaub in die so-called \u201eFriesische Karibik\u201c verschlagen.\",\"breadcrumb\":{\"@id\":\"https:\\\/\\\/www.synjenorland.com\\\/vom-los-der-vielfalt-und-anderen-inszenierungen\\\/#breadcrumb\"},\"inLanguage\":\"en-US\",\"potentialAction\":[{\"@type\":\"ReadAction\",\"target\":[\"https:\\\/\\\/www.synjenorland.com\\\/vom-los-der-vielfalt-und-anderen-inszenierungen\\\/\"]}]},{\"@type\":\"ImageObject\",\"inLanguage\":\"en-US\",\"@id\":\"https:\\\/\\\/www.synjenorland.com\\\/vom-los-der-vielfalt-und-anderen-inszenierungen\\\/#primaryimage\",\"url\":\"https:\\\/\\\/www.synjenorland.com\\\/wp-content\\\/uploads\\\/2024\\\/07\\\/IMG_1629-1-scaled.jpeg\",\"contentUrl\":\"https:\\\/\\\/www.synjenorland.com\\\/wp-content\\\/uploads\\\/2024\\\/07\\\/IMG_1629-1-scaled.jpeg\",\"width\":2560,\"height\":2522,\"caption\":\"SynjeaufF\u00e4hre\"},{\"@type\":\"BreadcrumbList\",\"@id\":\"https:\\\/\\\/www.synjenorland.com\\\/vom-los-der-vielfalt-und-anderen-inszenierungen\\\/#breadcrumb\",\"itemListElement\":[{\"@type\":\"ListItem\",\"position\":1,\"name\":\"Startseite\",\"item\":\"https:\\\/\\\/www.synjenorland.com\\\/\"},{\"@type\":\"ListItem\",\"position\":2,\"name\":\"Vom Los der Vielfalt und anderen Inszenierungen\u2026\"}]},{\"@type\":\"WebSite\",\"@id\":\"https:\\\/\\\/www.synjenorland.com\\\/#website\",\"url\":\"https:\\\/\\\/www.synjenorland.com\\\/\",\"name\":\"Synje Norland\",\"description\":\"Synje Norland | Singer-Songwriter\",\"publisher\":{\"@id\":\"https:\\\/\\\/www.synjenorland.com\\\/#\\\/schema\\\/person\\\/72dea3a32f919f7dee18d0ddcdab6e26\"},\"potentialAction\":[{\"@type\":\"SearchAction\",\"target\":{\"@type\":\"EntryPoint\",\"urlTemplate\":\"https:\\\/\\\/www.synjenorland.com\\\/?s={search_term_string}\"},\"query-input\":{\"@type\":\"PropertyValueSpecification\",\"valueRequired\":true,\"valueName\":\"search_term_string\"}}],\"inLanguage\":\"en-US\"},{\"@type\":[\"Person\",\"Organization\"],\"@id\":\"https:\\\/\\\/www.synjenorland.com\\\/#\\\/schema\\\/person\\\/72dea3a32f919f7dee18d0ddcdab6e26\",\"name\":\"Synje Norland\",\"image\":{\"@type\":\"ImageObject\",\"inLanguage\":\"en-US\",\"@id\":\"https:\\\/\\\/secure.gravatar.com\\\/avatar\\\/6adc73af4918bdae4101c4c560261de2b72b75162a7ac281ab65762995a63475?s=96&d=mm&r=g\",\"url\":\"https:\\\/\\\/secure.gravatar.com\\\/avatar\\\/6adc73af4918bdae4101c4c560261de2b72b75162a7ac281ab65762995a63475?s=96&d=mm&r=g\",\"contentUrl\":\"https:\\\/\\\/secure.gravatar.com\\\/avatar\\\/6adc73af4918bdae4101c4c560261de2b72b75162a7ac281ab65762995a63475?s=96&d=mm&r=g\",\"caption\":\"Synje Norland\"},\"logo\":{\"@id\":\"https:\\\/\\\/secure.gravatar.com\\\/avatar\\\/6adc73af4918bdae4101c4c560261de2b72b75162a7ac281ab65762995a63475?s=96&d=mm&r=g\"},\"sameAs\":[\"https:\\\/\\\/www.synjenorland.com\",\"https:\\\/\\\/www.facebook.com\\\/synjenorland\\\/\",\"https:\\\/\\\/www.youtube.com\\\/@norlandmusic\",\"https:\\\/\\\/soundcloud.com\\\/synjenorland\",\"https:\\\/\\\/de.wikipedia.org\\\/wiki\\\/Synje_Norland\"],\"url\":\"https:\\\/\\\/www.synjenorland.com\\\/en\\\/author\\\/synjesingt\\\/\"}]}<\/script>\n<!-- \/ Yoast SEO plugin. -->","yoast_head_json":{"title":"Vom Los der Vielfalt und anderen Inszenierungen\u2026","description":"Home sweet Home. Nach genau einem Jahr in Kanada hat es mich f\u00fcr einen Arbeitsurlaub in die so-called \u201eFriesische Karibik\u201c verschlagen.","robots":{"index":"index","follow":"follow","max-snippet":"max-snippet:-1","max-image-preview":"max-image-preview:large","max-video-preview":"max-video-preview:-1"},"canonical":"https:\/\/www.synjenorland.com\/en\/vom-los-der-vielfalt-und-anderen-inszenierungen\/","og_locale":"en_US","og_type":"article","og_title":"Vom Los der Vielfalt und anderen Inszenierungen\u2026","og_description":"Home sweet Home. Nach genau einem Jahr in Kanada hat es mich f\u00fcr einen Arbeitsurlaub in die so-called \u201eFriesische Karibik\u201c verschlagen.","og_url":"https:\/\/www.synjenorland.com\/en\/vom-los-der-vielfalt-und-anderen-inszenierungen\/","og_site_name":"Synje Norland","article_publisher":"https:\/\/www.facebook.com\/synjenorland\/","article_author":"https:\/\/www.facebook.com\/synjenorland\/","article_published_time":"2024-07-23T10:12:00+00:00","article_modified_time":"2026-03-08T20:55:29+00:00","og_image":[{"width":2560,"height":2522,"url":"https:\/\/www.synjenorland.com\/wp-content\/uploads\/2024\/07\/IMG_1629-1-scaled.jpeg","type":"image\/jpeg"}],"author":"Synje Norland","twitter_card":"summary_large_image","twitter_misc":{"Written by":"Synje Norland","Est. reading time":"4 minutes"},"schema":{"@context":"https:\/\/schema.org","@graph":[{"@type":"Article","@id":"https:\/\/www.synjenorland.com\/vom-los-der-vielfalt-und-anderen-inszenierungen\/#article","isPartOf":{"@id":"https:\/\/www.synjenorland.com\/vom-los-der-vielfalt-und-anderen-inszenierungen\/"},"author":{"name":"Synje Norland","@id":"https:\/\/www.synjenorland.com\/#\/schema\/person\/72dea3a32f919f7dee18d0ddcdab6e26"},"headline":"Vom Los der Vielfalt und anderen Inszenierungen\u2026","datePublished":"2024-07-23T10:12:00+00:00","dateModified":"2026-03-08T20:55:29+00:00","mainEntityOfPage":{"@id":"https:\/\/www.synjenorland.com\/vom-los-der-vielfalt-und-anderen-inszenierungen\/"},"wordCount":696,"publisher":{"@id":"https:\/\/www.synjenorland.com\/#\/schema\/person\/72dea3a32f919f7dee18d0ddcdab6e26"},"image":{"@id":"https:\/\/www.synjenorland.com\/vom-los-der-vielfalt-und-anderen-inszenierungen\/#primaryimage"},"thumbnailUrl":"https:\/\/www.synjenorland.com\/wp-content\/uploads\/2024\/07\/IMG_1629-1-scaled.jpeg","keywords":["Anker","Blog","EP","F\u00f6hr","Heimat","Hoftheater F\u00f6hr","Innere Heimat","Inspiration","Kanada","Neue EP","Newsletter","Nordfriesland","Plan\u00e4nderung","Songs","Stolpersteine","Theater","Theodor Storm","Vielfalt","Wahrhaftig und Vehement"],"articleSection":["Allgemein","Blog","Music"],"inLanguage":"en-US"},{"@type":"WebPage","@id":"https:\/\/www.synjenorland.com\/vom-los-der-vielfalt-und-anderen-inszenierungen\/","url":"https:\/\/www.synjenorland.com\/vom-los-der-vielfalt-und-anderen-inszenierungen\/","name":"Vom Los der Vielfalt und anderen Inszenierungen\u2026","isPartOf":{"@id":"https:\/\/www.synjenorland.com\/#website"},"primaryImageOfPage":{"@id":"https:\/\/www.synjenorland.com\/vom-los-der-vielfalt-und-anderen-inszenierungen\/#primaryimage"},"image":{"@id":"https:\/\/www.synjenorland.com\/vom-los-der-vielfalt-und-anderen-inszenierungen\/#primaryimage"},"thumbnailUrl":"https:\/\/www.synjenorland.com\/wp-content\/uploads\/2024\/07\/IMG_1629-1-scaled.jpeg","datePublished":"2024-07-23T10:12:00+00:00","dateModified":"2026-03-08T20:55:29+00:00","description":"Home sweet Home. Nach genau einem Jahr in Kanada hat es mich f\u00fcr einen Arbeitsurlaub in die so-called \u201eFriesische Karibik\u201c verschlagen.","breadcrumb":{"@id":"https:\/\/www.synjenorland.com\/vom-los-der-vielfalt-und-anderen-inszenierungen\/#breadcrumb"},"inLanguage":"en-US","potentialAction":[{"@type":"ReadAction","target":["https:\/\/www.synjenorland.com\/vom-los-der-vielfalt-und-anderen-inszenierungen\/"]}]},{"@type":"ImageObject","inLanguage":"en-US","@id":"https:\/\/www.synjenorland.com\/vom-los-der-vielfalt-und-anderen-inszenierungen\/#primaryimage","url":"https:\/\/www.synjenorland.com\/wp-content\/uploads\/2024\/07\/IMG_1629-1-scaled.jpeg","contentUrl":"https:\/\/www.synjenorland.com\/wp-content\/uploads\/2024\/07\/IMG_1629-1-scaled.jpeg","width":2560,"height":2522,"caption":"SynjeaufF\u00e4hre"},{"@type":"BreadcrumbList","@id":"https:\/\/www.synjenorland.com\/vom-los-der-vielfalt-und-anderen-inszenierungen\/#breadcrumb","itemListElement":[{"@type":"ListItem","position":1,"name":"Startseite","item":"https:\/\/www.synjenorland.com\/"},{"@type":"ListItem","position":2,"name":"Vom Los der Vielfalt und anderen Inszenierungen\u2026"}]},{"@type":"WebSite","@id":"https:\/\/www.synjenorland.com\/#website","url":"https:\/\/www.synjenorland.com\/","name":"Synje Norland","description":"Synje Norland | Singer-Songwriter","publisher":{"@id":"https:\/\/www.synjenorland.com\/#\/schema\/person\/72dea3a32f919f7dee18d0ddcdab6e26"},"potentialAction":[{"@type":"SearchAction","target":{"@type":"EntryPoint","urlTemplate":"https:\/\/www.synjenorland.com\/?s={search_term_string}"},"query-input":{"@type":"PropertyValueSpecification","valueRequired":true,"valueName":"search_term_string"}}],"inLanguage":"en-US"},{"@type":["Person","Organization"],"@id":"https:\/\/www.synjenorland.com\/#\/schema\/person\/72dea3a32f919f7dee18d0ddcdab6e26","name":"Synje Norland","image":{"@type":"ImageObject","inLanguage":"en-US","@id":"https:\/\/secure.gravatar.com\/avatar\/6adc73af4918bdae4101c4c560261de2b72b75162a7ac281ab65762995a63475?s=96&d=mm&r=g","url":"https:\/\/secure.gravatar.com\/avatar\/6adc73af4918bdae4101c4c560261de2b72b75162a7ac281ab65762995a63475?s=96&d=mm&r=g","contentUrl":"https:\/\/secure.gravatar.com\/avatar\/6adc73af4918bdae4101c4c560261de2b72b75162a7ac281ab65762995a63475?s=96&d=mm&r=g","caption":"Synje Norland"},"logo":{"@id":"https:\/\/secure.gravatar.com\/avatar\/6adc73af4918bdae4101c4c560261de2b72b75162a7ac281ab65762995a63475?s=96&d=mm&r=g"},"sameAs":["https:\/\/www.synjenorland.com","https:\/\/www.facebook.com\/synjenorland\/","https:\/\/www.youtube.com\/@norlandmusic","https:\/\/soundcloud.com\/synjenorland","https:\/\/de.wikipedia.org\/wiki\/Synje_Norland"],"url":"https:\/\/www.synjenorland.com\/en\/author\/synjesingt\/"}]}},"_links":{"self":[{"href":"https:\/\/www.synjenorland.com\/en\/wp-json\/wp\/v2\/posts\/3922","targetHints":{"allow":["GET"]}}],"collection":[{"href":"https:\/\/www.synjenorland.com\/en\/wp-json\/wp\/v2\/posts"}],"about":[{"href":"https:\/\/www.synjenorland.com\/en\/wp-json\/wp\/v2\/types\/post"}],"author":[{"embeddable":true,"href":"https:\/\/www.synjenorland.com\/en\/wp-json\/wp\/v2\/users\/1"}],"replies":[{"embeddable":true,"href":"https:\/\/www.synjenorland.com\/en\/wp-json\/wp\/v2\/comments?post=3922"}],"version-history":[{"count":4,"href":"https:\/\/www.synjenorland.com\/en\/wp-json\/wp\/v2\/posts\/3922\/revisions"}],"predecessor-version":[{"id":4049,"href":"https:\/\/www.synjenorland.com\/en\/wp-json\/wp\/v2\/posts\/3922\/revisions\/4049"}],"wp:featuredmedia":[{"embeddable":true,"href":"https:\/\/www.synjenorland.com\/en\/wp-json\/wp\/v2\/media\/3358"}],"wp:attachment":[{"href":"https:\/\/www.synjenorland.com\/en\/wp-json\/wp\/v2\/media?parent=3922"}],"wp:term":[{"taxonomy":"category","embeddable":true,"href":"https:\/\/www.synjenorland.com\/en\/wp-json\/wp\/v2\/categories?post=3922"},{"taxonomy":"post_tag","embeddable":true,"href":"https:\/\/www.synjenorland.com\/en\/wp-json\/wp\/v2\/tags?post=3922"}],"curies":[{"name":"wp","href":"https:\/\/api.w.org\/{rel}","templated":true}]}}